{"id":954,"date":"2009-09-11T13:53:32","date_gmt":"2009-09-11T11:53:32","guid":{"rendered":"http:\/\/www.saitem.org\/?p=954"},"modified":"2023-06-01T19:27:30","modified_gmt":"2023-06-01T16:27:30","slug":"saguar-etkisi-suruyor","status":"publish","type":"post","link":"https:\/\/www.saitem.org\/tr\/saguar-etkisi-suruyor\/","title":{"rendered":"SAGUAR ETK\u0130S\u0130 S\u00dcR\u00dcYOR&#8230;"},"content":{"rendered":"<p>Tarih: 2 Eyl\u00fcl 2009 \u00c7ar\u015famba, Yer: \u0130stanbul-T\u0130M Show Center Saat: 10.00 T\u00fcrkiye\u2019nin Metropol\u00fc \u0130stanbul\u2019da billboardlar, metro ara\u00e7lar\u0131,\u00a0 istasyonlar bir \u015feyi hayk\u0131r\u0131yor; her yer SAGUAR afi\u015fleriyle donat\u0131lm\u0131\u015f. Yeni bir efsane geliyor, T\u00fcrkiye\u2019nin G\u00fcne\u015f Arabas\u0131 geliyor, SA\u0130TEM geliyor, SAGUAR geliyor\u2026 \u0130\u015fte bir r\u00fcyam\u0131z\u0131 da b\u00f6yle hayata ge\u00e7irdik&#8230;<\/p>\n<p><a href=\"http:\/\/www.saitem.org\/wp-content\/uploads\/2009\/09\/SP_A0639.jpg\"><img decoding=\"async\" loading=\"lazy\" class=\"alignnone size-medium wp-image-955\" title=\"SP_A0639\" src=\"http:\/\/www.saitem.org\/wp-content\/uploads\/2009\/09\/SP_A0639-300x225.jpg\" alt=\"SP_A0639\" width=\"300\" height=\"225\" srcset=\"https:\/\/www.saitem.org\/tr\/wp-content\/uploads\/2009\/09\/SP_A0639-300x225.jpg 300w, https:\/\/www.saitem.org\/tr\/wp-content\/uploads\/2009\/09\/SP_A0639.jpg 800w\" sizes=\"(max-width: 300px) 100vw, 300px\" \/><\/a><\/p>\n<p>SA\u0130TEM olarak yeni bir efsane yaratmak istemi\u015ftik ve bunu yap\u0131m\u0131zda bulunan ilklere imza atma a\u015fk\u0131yla birlikte yine ilkleri ba\u015fararak SAGUAR NL 2009 BASIN LANSMANI\u2019 m\u0131z\u0131 ger\u00e7ekle\u015ftirdik. Bas\u0131n\u0131n b\u00fcy\u00fck ilgi g\u00f6sterdi\u011fi Avustralya yolcumuz SAGUAR adeta bir film y\u0131ld\u0131z\u0131 gibiydi. Lansman\u0131m\u0131z\u0131n g\u00f6r\u00fcnt\u00fcleri ayn\u0131 ak\u015fam \u00fclkemizin ulusal televizyonu TRT ba\u015fta olmakla birlikte bir\u00e7ok kanalda yay\u0131nland\u0131 ve bu ay yeni say\u0131s\u0131 \u00e7\u0131kacak bir\u00e7ok dergide yer alacak.<\/p>\n<p><a href=\"http:\/\/www.saitem.org\/wp-content\/uploads\/2009\/09\/SP_A0640.jpg\"><img decoding=\"async\" loading=\"lazy\" class=\"alignnone size-medium wp-image-956\" title=\"SP_A0640\" src=\"http:\/\/www.saitem.org\/wp-content\/uploads\/2009\/09\/SP_A0640-300x225.jpg\" alt=\"SP_A0640\" width=\"300\" height=\"225\" srcset=\"https:\/\/www.saitem.org\/tr\/wp-content\/uploads\/2009\/09\/SP_A0640-300x225.jpg 300w, https:\/\/www.saitem.org\/tr\/wp-content\/uploads\/2009\/09\/SP_A0640.jpg 800w\" sizes=\"(max-width: 300px) 100vw, 300px\" \/><\/a><\/p>\n<p>SAGUAR\u2019 \u0131m\u0131z\u0131 T\u00fcrkiye ve D\u00fcnya&#8217;ya tan\u0131tman\u0131n verdi\u011fi mutlulukla, Akif arkada\u015f\u0131m\u0131z\u0131n ve \u00dcsk\u00fcdar Belediyesi&#8217;nin de katk\u0131lar\u0131yla \u0130stanbul bo\u011faz\u0131n\u0131n kenar\u0131nda arkada\u015flar\u0131m\u0131zla bir de \u00e7ok keyifli bir iftar ger\u00e7ekle\u015ftirdik. Ge\u00e7 vakitlerde ise hedefimize bir ad\u0131m daha yakla\u015f\u0131p mutluluk ile evlerimize da\u011f\u0131l\u0131p uzun bir aradan sonra rahat bir uykuya dald\u0131k\u2026<\/p>\n<p><a href=\"http:\/\/www.saitem.org\/wp-content\/uploads\/2009\/09\/DSC_0039.jpg\"><img decoding=\"async\" loading=\"lazy\" class=\"alignnone size-medium wp-image-957\" title=\"DSC_0039\" src=\"http:\/\/www.saitem.org\/wp-content\/uploads\/2009\/09\/DSC_0039-300x200.jpg\" alt=\"DSC_0039\" width=\"300\" height=\"200\" srcset=\"https:\/\/www.saitem.org\/tr\/wp-content\/uploads\/2009\/09\/DSC_0039-300x200.jpg 300w, https:\/\/www.saitem.org\/tr\/wp-content\/uploads\/2009\/09\/DSC_0039-1024x685.jpg 1024w, https:\/\/www.saitem.org\/tr\/wp-content\/uploads\/2009\/09\/DSC_0039.jpg 1600w\" sizes=\"(max-width: 300px) 100vw, 300px\" \/><\/a><\/p>\n<p>&#8220;Hi\u00e7 hayalinizle mant\u0131\u011f\u0131n\u0131z\u0131 kar\u0131\u015ft\u0131rd\u0131\u011f\u0131n\u0131z oldu mu ?&#8221; \u00a0Biz bir hayalimizi daha ger\u00e7ekle\u015ftirmenin mutlulu\u011fuyla SAGUAR\u2019 \u0131 Avustralya\u2019ya yeni hayallerle birlikte g\u00f6nderece\u011fiz ve daima yeni hayaller kurmaya devam edece\u011fiz\u2026<\/p>\n<p><a href=\"http:\/\/www.saitem.org\/wp-content\/uploads\/2009\/09\/DSC_0078.jpg\"><img decoding=\"async\" loading=\"lazy\" class=\"alignnone size-medium wp-image-958\" title=\"DSC_0078\" src=\"http:\/\/www.saitem.org\/wp-content\/uploads\/2009\/09\/DSC_0078-300x200.jpg\" alt=\"DSC_0078\" width=\"300\" height=\"200\" srcset=\"https:\/\/www.saitem.org\/tr\/wp-content\/uploads\/2009\/09\/DSC_0078-300x200.jpg 300w, https:\/\/www.saitem.org\/tr\/wp-content\/uploads\/2009\/09\/DSC_0078-1024x685.jpg 1024w, https:\/\/www.saitem.org\/tr\/wp-content\/uploads\/2009\/09\/DSC_0078.jpg 1600w\" sizes=\"(max-width: 300px) 100vw, 300px\" \/><\/a><\/p>\n<p>Bu kapsamda bas\u0131n da her zamankinden daha fazla yan\u0131m\u0131zda\u2026 \u00d6rne\u011fin ge\u00e7ti\u011fimiz g\u00fcnlerde hayallerimizi D\u00fcnya&#8217;ya duyurmam\u0131za yard\u0131mc\u0131 olmak isteyen TRT Radyolar\u0131ndan G\u00fclname Han\u0131m bizi TRT Cemal Re\u015fit Rey salonlar\u0131nda a\u011f\u0131rlad\u0131 ve g\u00fczel bir program ger\u00e7ekle\u015ftirdik.<\/p>\n<p><a href=\"http:\/\/www.saitem.org\/wp-content\/uploads\/2009\/09\/DSC_0237.jpg\"><img decoding=\"async\" loading=\"lazy\" class=\"alignnone size-medium wp-image-959\" title=\"DSC_0237\" src=\"http:\/\/www.saitem.org\/wp-content\/uploads\/2009\/09\/DSC_0237-300x200.jpg\" alt=\"DSC_0237\" width=\"300\" height=\"200\" srcset=\"https:\/\/www.saitem.org\/tr\/wp-content\/uploads\/2009\/09\/DSC_0237-300x200.jpg 300w, https:\/\/www.saitem.org\/tr\/wp-content\/uploads\/2009\/09\/DSC_0237-1024x685.jpg 1024w, https:\/\/www.saitem.org\/tr\/wp-content\/uploads\/2009\/09\/DSC_0237.jpg 1600w\" sizes=\"(max-width: 300px) 100vw, 300px\" \/><\/a><\/p>\n<p>T\u00fcrkiye yava\u015f yava\u015f SAGUAR ve SA\u0130TEM etkisine giriyor her g\u00fcn biraz daha T\u00fcrkiye\u2019ye ve D\u00fcnya&#8217;ya yay\u0131l\u0131yoruz bunlar\u0131 g\u00f6rmek herkesten \u00e7ok bizi mutlu ediyor bununla birlikte t\u00fcm yorgunluklar\u0131m\u0131z u\u00e7up, gidip i\u00e7imizde yeni a\u015fklar do\u011fuyor\u2026<\/p>\n","protected":false},"excerpt":{"rendered":"<p>Tarih: 2 Eyl\u00fcl 2009 \u00c7ar\u015famba, Yer: \u0130stanbul-T\u0130M Show Center Saat: 10.00 T\u00fcrkiye\u2019nin Metropol\u00fc \u0130stanbul\u2019da billboardlar, metro ara\u00e7lar\u0131,\u00a0 istasyonlar bir \u015feyi hayk\u0131r\u0131yor; her yer SAGUAR afi\u015fleriyle donat\u0131lm\u0131\u015f. Yeni bir efsane geliyor, T\u00fcrkiye\u2019nin G\u00fcne\u015f Arabas\u0131 geliyor, SA\u0130TEM geliyor, SAGUAR geliyor\u2026 \u0130\u015fte bir r\u00fcyam\u0131z\u0131 da b\u00f6yle hayata ge\u00e7irdik&#8230; SA\u0130TEM olarak yeni bir efsane yaratmak istemi\u015ftik ve bunu yap\u0131m\u0131zda [&hellip;]<\/p>\n","protected":false},"author":1,"featured_media":0,"comment_status":"open","ping_status":"open","sticky":false,"template":"","format":"standard","meta":[],"categories":[74,1],"tags":[114,250,44,20,179,11,319,101,21,252,253,251],"_links":{"self":[{"href":"https:\/\/www.saitem.org\/tr\/wp-json\/wp\/v2\/posts\/954"}],"collection":[{"href":"https:\/\/www.saitem.org\/tr\/wp-json\/wp\/v2\/posts"}],"about":[{"href":"https:\/\/www.saitem.org\/tr\/wp-json\/wp\/v2\/types\/post"}],"author":[{"embeddable":true,"href":"https:\/\/www.saitem.org\/tr\/wp-json\/wp\/v2\/users\/1"}],"replies":[{"embeddable":true,"href":"https:\/\/www.saitem.org\/tr\/wp-json\/wp\/v2\/comments?post=954"}],"version-history":[{"count":10,"href":"https:\/\/www.saitem.org\/tr\/wp-json\/wp\/v2\/posts\/954\/revisions"}],"predecessor-version":[{"id":974,"href":"https:\/\/www.saitem.org\/tr\/wp-json\/wp\/v2\/posts\/954\/revisions\/974"}],"wp:attachment":[{"href":"https:\/\/www.saitem.org\/tr\/wp-json\/wp\/v2\/media?parent=954"}],"wp:term":[{"taxonomy":"category","embeddable":true,"href":"https:\/\/www.saitem.org\/tr\/wp-json\/wp\/v2\/categories?post=954"},{"taxonomy":"post_tag","embeddable":true,"href":"https:\/\/www.saitem.org\/tr\/wp-json\/wp\/v2\/tags?post=954"}],"curies":[{"name":"wp","href":"https:\/\/api.w.org\/{rel}","templated":true}]}}