{"id":938,"date":"2009-09-04T11:32:14","date_gmt":"2009-09-04T09:32:14","guid":{"rendered":"http:\/\/www.saitem.org\/938-saguar-basin-lansmani-istanbul-tim-show-center%e2%80%99da-yapildi.saitem"},"modified":"2023-06-01T19:27:31","modified_gmt":"2023-06-01T16:27:31","slug":"saguar-basin-lansmani-istanbul-tim-show-centerda-yapildi","status":"publish","type":"post","link":"https:\/\/www.saitem.org\/tr\/saguar-basin-lansmani-istanbul-tim-show-centerda-yapildi\/","title":{"rendered":"SAGUAR BASIN LANSMANI \u0130STANBUL T\u0130M SHOW CENTER\u2019DA YAPILDI"},"content":{"rendered":"<p><a href=\"http:\/\/www.saitem.org\/wp-content\/uploads\/2009\/09\/DSC_0380.jpg\"><img decoding=\"async\" loading=\"lazy\" class=\"alignnone size-medium wp-image-967\" title=\"DSC_0380\" src=\"http:\/\/www.saitem.org\/wp-content\/uploads\/2009\/09\/DSC_0380-300x200.jpg\" alt=\"DSC_0380\" width=\"300\" height=\"200\" srcset=\"https:\/\/www.saitem.org\/tr\/wp-content\/uploads\/2009\/09\/DSC_0380-300x200.jpg 300w, https:\/\/www.saitem.org\/tr\/wp-content\/uploads\/2009\/09\/DSC_0380-1024x685.jpg 1024w, https:\/\/www.saitem.org\/tr\/wp-content\/uploads\/2009\/09\/DSC_0380.jpg 1600w\" sizes=\"(max-width: 300px) 100vw, 300px\" \/><\/a><\/p>\n<p>Uzun ve yorucu \u00e7al\u0131\u015fmalar\u0131m\u0131z\u0131n sonucu olarak ortaya \u00e7\u0131kan SAGUAR\u2019\u0131m\u0131z\u0131n Bas\u0131n Lansman\u0131&#8217;n\u0131 2 Eyl\u00fcl 2009 \u00c7ar\u015famba g\u00fcn\u00fc T\u0130M Show Center\u2019da ger\u00e7ekle\u015ftirdik.<\/p>\n<p><a href=\"..\/wp-content\/uploads\/2009\/09\/perde-a%C3%A7%C4%B1lma1.JPG\"><img decoding=\"async\" loading=\"lazy\" title=\"perde a\u00e7\u0131lma\" src=\"..\/wp-content\/uploads\/2009\/09\/perde-a%C3%A7%C4%B1lma1-300x200.jpg\" alt=\"perde a\u00e7\u0131lma\" width=\"300\" height=\"200\" \/><\/a><\/p>\n<p>Bas\u0131n\u0131n yo\u011fun ilgi g\u00f6sterdi\u011fi g\u00fcnde, Ba\u015fkan\u0131m\u0131z Fazl\u0131 Fatih MELEMEZ, MOTOROLA \u00dclke M\u00fcd\u00fcr\u00fc Cenk CESUR, OETK Ba\u015fkan\u0131 Cengiz KABATEPE, De\u011ferli Rekt\u00f6r\u00fcm\u00fcz Prof. Dr. Mehmet DURMAN birer konu\u015fma yapt\u0131lar. Program\u0131n kapan\u0131\u015f ve te\u015fekk\u00fcr konu\u015fmas\u0131n\u0131 da bendeniz ekibimizin Bas\u0131n-Tan\u0131t\u0131m Y\u00f6neticisi olarak yapt\u0131m.<\/p>\n<p><a href=\"http:\/\/www.saitem.org\/wp-content\/uploads\/2009\/09\/DSC_0264.jpg\"><img decoding=\"async\" loading=\"lazy\" class=\"alignnone size-medium wp-image-964\" title=\"DSC_0264\" src=\"http:\/\/www.saitem.org\/wp-content\/uploads\/2009\/09\/DSC_0264-300x200.jpg\" alt=\"DSC_0264\" width=\"300\" height=\"200\" srcset=\"https:\/\/www.saitem.org\/tr\/wp-content\/uploads\/2009\/09\/DSC_0264-300x200.jpg 300w, https:\/\/www.saitem.org\/tr\/wp-content\/uploads\/2009\/09\/DSC_0264-1024x685.jpg 1024w, https:\/\/www.saitem.org\/tr\/wp-content\/uploads\/2009\/09\/DSC_0264.jpg 1600w\" sizes=\"(max-width: 300px) 100vw, 300px\" \/><\/a><\/p>\n<p>Rekt\u00f6r\u00fcm\u00fcz\u00fcn, \u2018\u2019Bir rekt\u00f6r olarak ne kadar gurur duysam, ne kadar \u00f6v\u00fcnsem azd\u0131r\u2019\u2019 s\u00f6zleriyle konu\u015fmas\u0131na ba\u015flamas\u0131 bizler i\u00e7in olduk\u00e7a heyecan ve mutluluk vericiydi.<\/p>\n<p><a href=\"..\/wp-content\/uploads\/2009\/09\/SAGUAR1.JPG\"><img decoding=\"async\" loading=\"lazy\" title=\"bas\u0131n\" src=\"..\/wp-content\/uploads\/2009\/09\/bas%C4%B1n1-300x200.jpg\" alt=\"bas\u0131n\" width=\"300\" height=\"200\" \/><\/a><\/p>\n<p>MOTOROLA \u00dclke M\u00fcd\u00fcr\u00fc Cenk Cesur Konu\u015fmas\u0131nda; SAGUAR ile b\u00fcy\u00fck ba\u015far\u0131lar\u0131n kazan\u0131laca\u011f\u0131n\u0131 ve her zaman bu projeye g\u00fcvendiklerini belirtti.\u00a0 OETK Ba\u015fkan\u0131 Cengiz KABATEPE; bundan \u00f6nce kat\u0131ld\u0131\u011f\u0131 her platformda oldu\u011fu gibi alternatif enerjilerle \u00e7al\u0131\u015fan ara\u00e7lar\u0131n \u00f6nemine vurgu yaparak, SAGUAR\u2019\u0131n bu projelerdeki \u00f6neminden bahsetti. Cengiz Bey&#8217;le yapt\u0131\u011f\u0131m\u0131z sohbette, arac\u0131m\u0131zda kullan\u0131lan g\u00fcne\u015f g\u00f6zeleri,bataryalar ve benzeri donan\u0131mlar\u0131n \u00fclkemizde \u00fcretilmesinin ne denli \u00f6nemli oldu\u011fundan bahsettik.\u00a0 Biz, k\u0131sa vade hedeflerimiz aras\u0131nda bu projelerin \u00f6nceli\u011fe sahip oldu\u011funu belirttik. Kendisi de ancak bu \u015fekilde\u00a0 geli\u015ftirdi\u011fimiz projelerin \u00fclkemiz ekonomisine ve g\u00fcndelik hayat\u0131m\u0131za bir etkisinin olabilece\u011fini ifade etti.<\/p>\n<p><a href=\"..\/wp-content\/uploads\/2009\/09\/SAGUAR1.JPG\"><img decoding=\"async\" loading=\"lazy\" title=\"SAGUAR\" src=\"..\/wp-content\/uploads\/2009\/09\/SAGUAR1-300x200.jpg\" alt=\"SAGUAR\" width=\"300\" height=\"200\" \/><\/a><\/p>\n<p>Perde Kald\u0131rma t\u00f6renine, bas\u0131n mensuplar\u0131n\u0131n g\u00f6sterdi\u011fi ilgi ger\u00e7ekten beklentilerimizin de \u00fcst\u00fcndeydi.\u00a0 Ancak davetlilerin say\u0131s\u0131,davetiye g\u00f6nderilen\u00a0 500 kadar ki\u015fi ile k\u0131yasland\u0131\u011f\u0131nda \u00e7ok azd\u0131 diyebiliriz. Bunda en b\u00fcy\u00fck etkende, bas\u0131na yeti\u015fmesi i\u00e7in erken saatlerde yapt\u0131\u011f\u0131m\u0131z lansman\u0131n, mesai saatine denk gelmesiydi. Tabii \u00f6zel \u015firketlerde, herkes kolayl\u0131kla i\u015fini b\u0131rak\u0131p \u00e7\u0131kam\u0131yor.<\/p>\n<p><a href=\"http:\/\/www.saitem.org\/wp-content\/uploads\/2009\/09\/DSC_0268.jpg\"><img decoding=\"async\" loading=\"lazy\" class=\"alignnone size-medium wp-image-965\" title=\"DSC_0268\" src=\"http:\/\/www.saitem.org\/wp-content\/uploads\/2009\/09\/DSC_0268-300x200.jpg\" alt=\"DSC_0268\" width=\"300\" height=\"200\" srcset=\"https:\/\/www.saitem.org\/tr\/wp-content\/uploads\/2009\/09\/DSC_0268-300x200.jpg 300w, https:\/\/www.saitem.org\/tr\/wp-content\/uploads\/2009\/09\/DSC_0268-1024x685.jpg 1024w, https:\/\/www.saitem.org\/tr\/wp-content\/uploads\/2009\/09\/DSC_0268.jpg 1600w\" sizes=\"(max-width: 300px) 100vw, 300px\" \/><\/a><\/p>\n<p>Lansman kapsam\u0131nda, T\u0130M&#8217;de yap\u0131lan tan\u0131t\u0131m\u0131n yan\u0131s\u0131ra, \u0130stanbul Metrolar\u0131nda ve vapurlarda SAGUAR&#8217;\u0131 T\u00fcrkiye&#8217;nin G\u00fcne\u015f Arabas\u0131 Projesi olarak tan\u0131tan afi\u015flerimizin yer almas\u0131 ekibimizin ulusal anlamda ger\u00e7ekle\u015ftirdi\u011fi en b\u00fcy\u00fck tan\u0131t\u0131m hamlelerinden birisi oldu.<\/p>\n<p><a href=\"http:\/\/www.saitem.org\/wp-content\/uploads\/2009\/09\/DSC_0274.jpg\"><img decoding=\"async\" loading=\"lazy\" class=\"alignnone size-medium wp-image-966\" title=\"DSC_0274\" src=\"http:\/\/www.saitem.org\/wp-content\/uploads\/2009\/09\/DSC_0274-200x300.jpg\" alt=\"DSC_0274\" width=\"200\" height=\"300\" srcset=\"https:\/\/www.saitem.org\/tr\/wp-content\/uploads\/2009\/09\/DSC_0274-200x300.jpg 200w, https:\/\/www.saitem.org\/tr\/wp-content\/uploads\/2009\/09\/DSC_0274-685x1024.jpg 685w, https:\/\/www.saitem.org\/tr\/wp-content\/uploads\/2009\/09\/DSC_0274.jpg 1071w\" sizes=\"(max-width: 200px) 100vw, 200px\" \/><\/a><\/p>\n","protected":false},"excerpt":{"rendered":"<p>Uzun ve yorucu \u00e7al\u0131\u015fmalar\u0131m\u0131z\u0131n sonucu olarak ortaya \u00e7\u0131kan SAGUAR\u2019\u0131m\u0131z\u0131n Bas\u0131n Lansman\u0131&#8217;n\u0131 2 Eyl\u00fcl 2009 \u00c7ar\u015famba g\u00fcn\u00fc T\u0130M Show Center\u2019da ger\u00e7ekle\u015ftirdik. Bas\u0131n\u0131n yo\u011fun ilgi g\u00f6sterdi\u011fi g\u00fcnde, Ba\u015fkan\u0131m\u0131z Fazl\u0131 Fatih MELEMEZ, MOTOROLA \u00dclke M\u00fcd\u00fcr\u00fc Cenk CESUR, OETK Ba\u015fkan\u0131 Cengiz KABATEPE, De\u011ferli Rekt\u00f6r\u00fcm\u00fcz Prof. Dr. Mehmet DURMAN birer konu\u015fma yapt\u0131lar. Program\u0131n kapan\u0131\u015f ve te\u015fekk\u00fcr konu\u015fmas\u0131n\u0131 da bendeniz ekibimizin [&hellip;]<\/p>\n","protected":false},"author":1,"featured_media":0,"comment_status":"open","ping_status":"open","sticky":false,"template":"","format":"standard","meta":[],"categories":[74,1],"tags":[257,256,244,180,20,179,232,11,319,21,252,253,251,178,126,258],"_links":{"self":[{"href":"https:\/\/www.saitem.org\/tr\/wp-json\/wp\/v2\/posts\/938"}],"collection":[{"href":"https:\/\/www.saitem.org\/tr\/wp-json\/wp\/v2\/posts"}],"about":[{"href":"https:\/\/www.saitem.org\/tr\/wp-json\/wp\/v2\/types\/post"}],"author":[{"embeddable":true,"href":"https:\/\/www.saitem.org\/tr\/wp-json\/wp\/v2\/users\/1"}],"replies":[{"embeddable":true,"href":"https:\/\/www.saitem.org\/tr\/wp-json\/wp\/v2\/comments?post=938"}],"version-history":[{"count":7,"href":"https:\/\/www.saitem.org\/tr\/wp-json\/wp\/v2\/posts\/938\/revisions"}],"predecessor-version":[{"id":941,"href":"https:\/\/www.saitem.org\/tr\/wp-json\/wp\/v2\/posts\/938\/revisions\/941"}],"wp:attachment":[{"href":"https:\/\/www.saitem.org\/tr\/wp-json\/wp\/v2\/media?parent=938"}],"wp:term":[{"taxonomy":"category","embeddable":true,"href":"https:\/\/www.saitem.org\/tr\/wp-json\/wp\/v2\/categories?post=938"},{"taxonomy":"post_tag","embeddable":true,"href":"https:\/\/www.saitem.org\/tr\/wp-json\/wp\/v2\/tags?post=938"}],"curies":[{"name":"wp","href":"https:\/\/api.w.org\/{rel}","templated":true}]}}