{"id":2993,"date":"2013-11-02T20:49:16","date_gmt":"2013-11-02T18:49:16","guid":{"rendered":"http:\/\/www.saitem.org\/tr\/?p=2993"},"modified":"2023-06-01T19:27:22","modified_gmt":"2023-06-01T16:27:22","slug":"saguar-ile-29-ekim-cumhuriyet-bayramindaydik","status":"publish","type":"post","link":"https:\/\/www.saitem.org\/tr\/saguar-ile-29-ekim-cumhuriyet-bayramindaydik\/","title":{"rendered":"SAGUAR ile 29 Ekim Cumhuriyet Bayram\u0131ndayd\u0131k"},"content":{"rendered":"<p>Ekibimiz taraf\u0131ndan hayata ge\u00e7irilen SAGUAR-2 adl\u0131 g\u00fcne\u015f arabam\u0131z 29 Ekim Cumhuriyet Bayram\u0131 etkinliklerde ge\u00e7it t\u00f6renine kat\u0131ld\u0131. Hem protokol \u00fcyelerinin hem de halk\u0131m\u0131z\u0131n yo\u011fun ilgi g\u00f6sterdi\u011fi SAGUAR 2 ge\u00e7it t\u00f6reninin en \u00e7ok ilgi \u00e7eken arabas\u0131 oldu.<\/p>\n<p>Sakarya sokaklar\u0131nda \u00a0SAGUAR&#8217;\u0131 g\u00f6renlerin bir k\u0131sm\u0131 &#8220;Bu nedir?&#8221; sorusunu y\u00f6neltirken b\u00fcy\u00fck \u00e7o\u011funlu\u011fun arabam\u0131z\u0131 tan\u0131d\u0131\u011f\u0131n\u0131 ve yak\u0131ndan takip etti\u011fini g\u00f6rd\u00fck. \u00d6zellikle gelece\u011fin m\u00fchendisleri k\u00fc\u00e7\u00fck karde\u015flerimiz, merakl\u0131 bak\u0131\u015flarla SAGUAR&#8217;a yakla\u015ft\u0131lar.<\/p>\n<p>Atat\u00fcrk Bulvar\u0131&#8217;nda yap\u0131lan kortejde polis ekiplerinin hemen \u00f6n\u00fcnde yer alan SAGUAR, ge\u00e7ti\u011fimiz A\u011fustos ay\u0131nda \u0130zmit K\u00f6rfez Yar\u0131\u015f Pisti&#8217;nde d\u00fczenlenen T\u00fcbitak Formula-G 2013 yar\u0131\u015f\u0131nda T\u00fcrkiye birincisi olman\u0131n da verdi\u011fi hakl\u0131 gururla ilerledi\u011fi s\u0131rada alk\u0131\u015flar kesilmedi.<\/p>\n","protected":false},"excerpt":{"rendered":"<p>Ekibimiz taraf\u0131ndan hayata ge\u00e7irilen SAGUAR-2 adl\u0131 g\u00fcne\u015f arabam\u0131z 29 Ekim Cumhuriyet Bayram\u0131 etkinliklerde ge\u00e7it t\u00f6renine kat\u0131ld\u0131. Hem protokol \u00fcyelerinin hem de halk\u0131m\u0131z\u0131n yo\u011fun ilgi g\u00f6sterdi\u011fi SAGUAR 2 ge\u00e7it t\u00f6reninin en \u00e7ok ilgi \u00e7eken arabas\u0131 oldu. Sakarya sokaklar\u0131nda \u00a0SAGUAR&#8217;\u0131 g\u00f6renlerin bir k\u0131sm\u0131 &#8220;Bu nedir?&#8221; sorusunu y\u00f6neltirken b\u00fcy\u00fck \u00e7o\u011funlu\u011fun arabam\u0131z\u0131 tan\u0131d\u0131\u011f\u0131n\u0131 ve yak\u0131ndan takip etti\u011fini g\u00f6rd\u00fck. \u00d6zellikle [&hellip;]<\/p>\n","protected":false},"author":1,"featured_media":2997,"comment_status":"open","ping_status":"open","sticky":false,"template":"","format":"standard","meta":[],"categories":[1],"tags":[],"_links":{"self":[{"href":"https:\/\/www.saitem.org\/tr\/wp-json\/wp\/v2\/posts\/2993"}],"collection":[{"href":"https:\/\/www.saitem.org\/tr\/wp-json\/wp\/v2\/posts"}],"about":[{"href":"https:\/\/www.saitem.org\/tr\/wp-json\/wp\/v2\/types\/post"}],"author":[{"embeddable":true,"href":"https:\/\/www.saitem.org\/tr\/wp-json\/wp\/v2\/users\/1"}],"replies":[{"embeddable":true,"href":"https:\/\/www.saitem.org\/tr\/wp-json\/wp\/v2\/comments?post=2993"}],"version-history":[{"count":4,"href":"https:\/\/www.saitem.org\/tr\/wp-json\/wp\/v2\/posts\/2993\/revisions"}],"predecessor-version":[{"id":2996,"href":"https:\/\/www.saitem.org\/tr\/wp-json\/wp\/v2\/posts\/2993\/revisions\/2996"}],"wp:featuredmedia":[{"embeddable":true,"href":"https:\/\/www.saitem.org\/tr\/wp-json\/wp\/v2\/media\/2997"}],"wp:attachment":[{"href":"https:\/\/www.saitem.org\/tr\/wp-json\/wp\/v2\/media?parent=2993"}],"wp:term":[{"taxonomy":"category","embeddable":true,"href":"https:\/\/www.saitem.org\/tr\/wp-json\/wp\/v2\/categories?post=2993"},{"taxonomy":"post_tag","embeddable":true,"href":"https:\/\/www.saitem.org\/tr\/wp-json\/wp\/v2\/tags?post=2993"}],"curies":[{"name":"wp","href":"https:\/\/api.w.org\/{rel}","templated":true}]}}