{"id":1501,"date":"2012-10-31T23:53:49","date_gmt":"2012-10-31T21:53:49","guid":{"rendered":"http:\/\/localhost\/saitem\/tr\/?p=351"},"modified":"2023-06-01T19:27:24","modified_gmt":"2023-06-01T16:27:24","slug":"satem-29-ekim-cumhuriyet-bayram-kutlamasndayd","status":"publish","type":"post","link":"https:\/\/www.saitem.org\/tr\/satem-29-ekim-cumhuriyet-bayram-kutlamasndayd\/","title":{"rendered":"SA\u0130TEM 29 Ekim Cumhuriyet Bayram\u0131 Kutlamas\u0131ndayd\u0131"},"content":{"rendered":"<p>29 Ekim 1923 g\u00fcn\u00fc b\u00fcy\u00fck kurtulu\u015f destan\u0131n\u0131n zafer ile son buldu\u011fu ve Cumhuriyetin ilan\u0131 ile ta\u00e7land\u0131\u011f\u0131 bir bayram g\u00fcn\u00fcd\u00fcr. T\u00fcrkiye Cumhuriyetinin ilan\u0131, yaln\u0131zca bir milletin varolu\u015f m\u00fccadelesinin ba\u015far\u0131s\u0131 de\u011fildir.Cumhuriyetin ilan edilmesi, ayn\u0131 zamanda toplumu ulus olma niteli\u011fine ve bireyi yurtta\u015f konumuna y\u00fckseltmesi ile \u00e7ok \u00f6nemli bir devlet felsefesini ortaya koymu\u015ftur. Cumhuriyetle birlikte, milletimizin her bir ferdi, devletin onurlu, \u00f6zg\u00fcrce d\u00fc\u015f\u00fcnen, e\u015fit hak ve h\u00fcrriyetlere sahip vatanda\u015flar\u0131 haline gelmi\u015ftir<\/p>\n<p>\u00dclkemizin 2023 vizyonunda a\u00e7\u0131k\u00e7a belirtildi\u011fi gibi devrald\u0131\u011f\u0131m\u0131z bu de\u011ferli miras\u0131 ayn\u0131 y\u00fcksek ruh ve heyecanla her ge\u00e7en g\u00fcn daha da g\u00fc\u00e7lendirerek, T\u00fcrkiye&#8217;yi y\u00fcksek medeniyet ufkunun \u00f6tesine ta\u015f\u0131maya kararl\u0131y\u0131z.<\/p>\n<p>Sakarya Valili\u011fi taraf\u0131ndan d\u00fczenlenen 29 Ekim Cumhuriyet Bayram\u0131 kutlamalar\u0131 Kent meydan\u0131na \u00e7elenk koyulmas\u0131 \u00fczerine Atat\u00fcrk Bulvar\u0131nda ba\u015flad\u0131.Kutlamalara Vali Mustafa B\u00fcy\u00fck, Garnizon Komutan\u0131 Tu\u011fgeneral Orhan \u00c7\u0131nar, Sakarya B\u00fcy\u00fck\u015fehir Belediye Ba\u015fkan\u0131 Zeki To\u00e7o\u011flu da kat\u0131l\u0131rken halk\u0131n yo\u011fun kat\u0131l\u0131m\u0131 da g\u00f6r\u00fclmeye de\u011ferdi.<\/p>\n<p>T\u00f6ren B\u00fcy\u00fc\u011f\u00fcn konu\u015fmas\u0131 ve resmi ge\u00e7it ile devam etti. SAGUAR2\u2019nin protokol \u00f6n\u00fcnden ge\u00e7mesi ile t\u00f6ren sonland\u0131. T\u00f6ren \u00f6ncesi ve sonras\u0131 halk\u0131n yo\u011fun ilgisiyle kar\u015f\u0131la\u015fan SAGUAR 2 Sakarya caddelerinde renkli g\u00f6r\u00fcnt\u00fcler verdi.<\/p>\n<p>&nbsp;<\/p>\n","protected":false},"excerpt":{"rendered":"<p>29 Ekim 1923 g\u00fcn\u00fc b\u00fcy\u00fck kurtulu\u015f destan\u0131n\u0131n zafer ile son buldu\u011fu ve Cumhuriyetin ilan\u0131 ile ta\u00e7land\u0131\u011f\u0131 bir bayram g\u00fcn\u00fcd\u00fcr. T\u00fcrkiye Cumhuriyetinin ilan\u0131, yaln\u0131zca bir milletin varolu\u015f m\u00fccadelesinin ba\u015far\u0131s\u0131 de\u011fildir.Cumhuriyetin ilan edilmesi, ayn\u0131 zamanda toplumu ulus olma niteli\u011fine ve bireyi yurtta\u015f konumuna y\u00fckseltmesi ile \u00e7ok \u00f6nemli bir devlet felsefesini ortaya koymu\u015ftur. Cumhuriyetle birlikte, milletimizin her bir [&hellip;]<\/p>\n","protected":false},"author":1,"featured_media":1579,"comment_status":"open","ping_status":"open","sticky":false,"template":"","format":"standard","meta":[],"categories":[1],"tags":[303,304,319],"_links":{"self":[{"href":"https:\/\/www.saitem.org\/tr\/wp-json\/wp\/v2\/posts\/1501"}],"collection":[{"href":"https:\/\/www.saitem.org\/tr\/wp-json\/wp\/v2\/posts"}],"about":[{"href":"https:\/\/www.saitem.org\/tr\/wp-json\/wp\/v2\/types\/post"}],"author":[{"embeddable":true,"href":"https:\/\/www.saitem.org\/tr\/wp-json\/wp\/v2\/users\/1"}],"replies":[{"embeddable":true,"href":"https:\/\/www.saitem.org\/tr\/wp-json\/wp\/v2\/comments?post=1501"}],"version-history":[{"count":7,"href":"https:\/\/www.saitem.org\/tr\/wp-json\/wp\/v2\/posts\/1501\/revisions"}],"predecessor-version":[{"id":5507,"href":"https:\/\/www.saitem.org\/tr\/wp-json\/wp\/v2\/posts\/1501\/revisions\/5507"}],"wp:featuredmedia":[{"embeddable":true,"href":"https:\/\/www.saitem.org\/tr\/wp-json\/wp\/v2\/media\/1579"}],"wp:attachment":[{"href":"https:\/\/www.saitem.org\/tr\/wp-json\/wp\/v2\/media?parent=1501"}],"wp:term":[{"taxonomy":"category","embeddable":true,"href":"https:\/\/www.saitem.org\/tr\/wp-json\/wp\/v2\/categories?post=1501"},{"taxonomy":"post_tag","embeddable":true,"href":"https:\/\/www.saitem.org\/tr\/wp-json\/wp\/v2\/tags?post=1501"}],"curies":[{"name":"wp","href":"https:\/\/api.w.org\/{rel}","templated":true}]}}