{"id":1499,"date":"2012-10-23T15:33:15","date_gmt":"2012-10-23T12:33:15","guid":{"rendered":"http:\/\/localhost\/saitem\/tr\/?p=349"},"modified":"2023-06-01T19:27:24","modified_gmt":"2023-06-01T16:27:24","slug":"sask","status":"publish","type":"post","link":"https:\/\/www.saitem.org\/tr\/sask\/","title":{"rendered":"SAGUAR 2&#8217;nin SASK\u0130&#8217;ye Bayram Ziyareti"},"content":{"rendered":"<p>SASK\u0130 ( Sakarya Su ve Kanalizasyon \u0130daresi Genel M\u00fcd\u00fcrl\u00fc\u011f\u00fc) 23.08.2001 tarihinde Sakarya B\u00fcy\u00fck\u015fehir Belediyesi&#8217;nin su ve kanalizasyon hizmetlerini y\u00fcr\u00fctmek, alt yap\u0131s\u0131n\u0131 geli\u015ftirmek \u00fczere ilk ismi ADASU olarak kurulmu\u015f ve g\u00fcn\u00fcm\u00fczde faaliyetleriyle \u00f6rnek bir kurum durumunu alm\u0131\u015ft\u0131r. SASK\u0130, yenilenebilir enerji alan\u0131ndaki \u00e7al\u0131\u015fmalara b\u00fcy\u00fck \u00f6nem vermekte, sosyal sorumluluk projelerini desteklemektedir.<\/p>\n<p>22.10.2012 tarihinde Sakarya \u00dcniversitesi Rekt\u00f6r Yard\u0131mc\u0131s\u0131 Musa Eken ve Genel Sekreter Metin K\u00fc\u00e7\u00fck ile birlikte ger\u00e7ekle\u015ftirdi\u011fimiz SASK\u0130 ziyaretimizde SAGUAR 2&#8217;nin tan\u0131t\u0131m\u0131 yap\u0131ld\u0131. SASK\u0130, ekibimize verdi\u011fi desteklerle \u00e7al\u0131\u015fmalar\u0131m\u0131z\u0131 yak\u0131ndan takip etmektedir.<\/p>\n<p>SASK\u0130 Genel M\u00fcd\u00fcr\u00fc R\u00fcstem Kele\u015f, \u201c\u00d6ncelikle projenin bu noktalara gelmesinde eme\u011fi ge\u00e7enlere te\u015fekk\u00fcr ediyorum. Sakarya \u00dcniversitemizin bir mensubu olarak bu t\u00fcr \u00e7al\u0131\u015fmalara destek olmaktan b\u00fcy\u00fck onur ve mutluluk duyuyorum. \u0130\u00e7inde ya\u015fad\u0131\u011f\u0131m\u0131z bu \u00e7a\u011fda enerji son derece stratejik bir \u00f6neme sahip. Gerek otomotiv sekt\u00f6r\u00fcnde gerek di\u011fer alanlarda yenilenebilir enerji \u00e7ok ciddi bir alternatif oldu\u011funu biliyoruz. Biz de SASK\u0130 olarak bu \u00e7al\u0131\u015fmalara dikkatleri \u00e7ekmek ve bu \u00e7al\u0131\u015fmalar\u0131 te\u015fvik etmek amac\u0131yla m\u00fctevazi bir katk\u0131da bulunduk. \u0130n\u015fallah bu \u00e7al\u0131\u015fmalar \u00fclkemizde daha \u00e7ok geli\u015fir. Bu t\u00fcr \u00e7al\u0131\u015fmalara \u00fclke olarak destek olmak durumunday\u0131z. Sadece SASK\u0130 de\u011fil t\u00fcm kurumlar\u0131 bu y\u00f6ndeki \u00e7al\u0131\u015fmalara destek olmaya davet ediyoruz\u201d\u00a0 s\u00f6zleriyle projemize olan desteklerinden bahsetmi\u015f yan\u0131m\u0131zda olduklar\u0131n\u0131 belirtmi\u015flerdir.<\/p>\n<p>Sakarya \u00dcniversitesi Rekt\u00f6r Yard\u0131mc\u0131s\u0131 Musa Eken SA\u0130TEM ve \u00fcniversitemiz ad\u0131na te\u015fekk\u00fcrlerini sunmu\u015ftur, &#8220;SASK\u0130\u2019nin enerjiye verdi\u011fi \u00f6nemi iyi biliyoruz. SASK\u0130 Genel M\u00fcd\u00fcrl\u00fc\u011f\u00fc, \u00f6zellikle yenilenebilir enerji alan\u0131ndaki \u00e7al\u0131\u015fmalara b\u00fcy\u00fck bir \u00f6nem veriyor. Bundan \u00f6t\u00fcr\u00fc kendilerini tebrik ediyorum. Bir taraftan Hidroelektrik Santrali in\u015fa ediyorsunuz di\u011fer taraftan da g\u00fcne\u015f enerjisiyle \u00e7al\u0131\u015fan SAGUAR\u2019a destek veriyorsunuz. Bug\u00fcn de vermi\u015f oldu\u011funuz desteklerden \u00f6t\u00fcr\u00fc te\u015fekk\u00fcr etmek istedik.&#8221;<\/p>\n<p>Desteklerinden dolay\u0131 ba\u015fta SASK\u0130 Genel M\u00fcd\u00fcr\u00fc R\u00fcstem Kele\u015f olmak \u00fczere, SASK\u0130&#8217;ye te\u015fekk\u00fcr ederiz.<\/p>\n<p>&nbsp;<\/p>\n","protected":false},"excerpt":{"rendered":"<p>SASK\u0130 ( Sakarya Su ve Kanalizasyon \u0130daresi Genel M\u00fcd\u00fcrl\u00fc\u011f\u00fc) 23.08.2001 tarihinde Sakarya B\u00fcy\u00fck\u015fehir Belediyesi&#8217;nin su ve kanalizasyon hizmetlerini y\u00fcr\u00fctmek, alt yap\u0131s\u0131n\u0131 geli\u015ftirmek \u00fczere ilk ismi ADASU olarak kurulmu\u015f ve g\u00fcn\u00fcm\u00fczde faaliyetleriyle \u00f6rnek bir kurum durumunu alm\u0131\u015ft\u0131r. SASK\u0130, yenilenebilir enerji alan\u0131ndaki \u00e7al\u0131\u015fmalara b\u00fcy\u00fck \u00f6nem vermekte, sosyal sorumluluk projelerini desteklemektedir. 22.10.2012 tarihinde Sakarya \u00dcniversitesi Rekt\u00f6r Yard\u0131mc\u0131s\u0131 Musa [&hellip;]<\/p>\n","protected":false},"author":1,"featured_media":2376,"comment_status":"open","ping_status":"open","sticky":false,"template":"","format":"standard","meta":[],"categories":[35,1],"tags":[291,46,292],"_links":{"self":[{"href":"https:\/\/www.saitem.org\/tr\/wp-json\/wp\/v2\/posts\/1499"}],"collection":[{"href":"https:\/\/www.saitem.org\/tr\/wp-json\/wp\/v2\/posts"}],"about":[{"href":"https:\/\/www.saitem.org\/tr\/wp-json\/wp\/v2\/types\/post"}],"author":[{"embeddable":true,"href":"https:\/\/www.saitem.org\/tr\/wp-json\/wp\/v2\/users\/1"}],"replies":[{"embeddable":true,"href":"https:\/\/www.saitem.org\/tr\/wp-json\/wp\/v2\/comments?post=1499"}],"version-history":[{"count":5,"href":"https:\/\/www.saitem.org\/tr\/wp-json\/wp\/v2\/posts\/1499\/revisions"}],"predecessor-version":[{"id":2826,"href":"https:\/\/www.saitem.org\/tr\/wp-json\/wp\/v2\/posts\/1499\/revisions\/2826"}],"wp:featuredmedia":[{"embeddable":true,"href":"https:\/\/www.saitem.org\/tr\/wp-json\/wp\/v2\/media\/2376"}],"wp:attachment":[{"href":"https:\/\/www.saitem.org\/tr\/wp-json\/wp\/v2\/media?parent=1499"}],"wp:term":[{"taxonomy":"category","embeddable":true,"href":"https:\/\/www.saitem.org\/tr\/wp-json\/wp\/v2\/categories?post=1499"},{"taxonomy":"post_tag","embeddable":true,"href":"https:\/\/www.saitem.org\/tr\/wp-json\/wp\/v2\/tags?post=1499"}],"curies":[{"name":"wp","href":"https:\/\/api.w.org\/{rel}","templated":true}]}}