{"id":1409,"date":"2011-04-22T18:50:54","date_gmt":"2011-04-22T15:50:54","guid":{"rendered":"http:\/\/www.saitem.org\/?p=1409"},"modified":"2023-06-01T19:27:26","modified_gmt":"2023-06-01T16:27:26","slug":"nuhun-gemisi-bir-kez-daha-dunyamizi-kurtarmak-icin-harekete-gecti","status":"publish","type":"post","link":"https:\/\/www.saitem.org\/tr\/nuhun-gemisi-bir-kez-daha-dunyamizi-kurtarmak-icin-harekete-gecti\/","title":{"rendered":"Nuh&#8217;un Gemisi Bir Kez Daha D\u00fcnyam\u0131z\u0131 Kurtarmak \u0130\u00e7in Harekete Ge\u00e7ti"},"content":{"rendered":"<p>2009 Y\u0131l\u0131n\u0131n Kas\u0131m Ay\u0131nda uzun, yorucu ve bir o kadar da ba\u015far\u0131larla dolu bir proje olan Australia World Solar Challenge veya \u0130stanbul Metrolar\u0131n\u0131n ona verdi\u011fi isimle; \u2018T\u00fcrkiye\u2019nin G\u00fcne\u015f Arabas\u0131 SAGUAR\u2019 projesinin yar\u0131\u015f aya\u011f\u0131n\u0131 tamamlay\u0131p \u00fclkemize d\u00f6nm\u00fc\u015ft\u00fck.\u00a0 K\u0131sa bir dinlenme periyodunun ard\u0131ndan bir yandan SAGUAR\u2019\u0131n kurumsal ve tan\u0131t\u0131msal ba\u015far\u0131lar\u0131na yenilerini eklemeyi bir yandan da kazand\u0131\u011f\u0131m\u0131z y\u00fczlerce tecr\u00fcbeyle SAGUAR 2\u2019yi d\u00fc\u015fl\u00fcyorduk. SAGUAR 2 hayallerimizin ula\u015ft\u0131\u011f\u0131 en son noktada bir araba olacakt\u0131, biz de bu proje i\u00e7in bizimle ayn\u0131 hayalleri-hedefleri payla\u015fabilecek, yani bize deste\u011fi her \u015feyden \u00f6nce can-\u0131 g\u00f6n\u00fclden olacak enerji firmalar\u0131n\u0131 ara\u015ft\u0131r\u0131yorduk. \u0130\u015fte tam bu noktada \u00fclkemiz i\u00e7in tart\u0131\u015fmas\u0131z akla ilk gelecek firma \u2018NUH ENERJ\u0130\u2019 idi.<\/p>\n<p>NUH ENERJ\u0130, \u00fclkemizde uzun zamand\u0131r takip etti\u011fimiz bir enerji firmas\u0131yd\u0131 ve firma profili, misyon, vizyon gibi de\u011ferleri ortak ama\u00e7lar\u0131m\u0131za olduk\u00e7a uygundu. \u0130lk g\u00f6r\u00fc\u015fme sonras\u0131nda olumsuz olsa da TUB\u0130TAK Formula G 2010\u2019da ya\u015fad\u0131\u011f\u0131m\u0131z kazalara ve onca \u015fans\u0131zl\u0131\u011fa ra\u011fmen g\u00f6sterdi\u011fimiz gayretle 32.likten gelen 2.li\u011fimizin ard\u0131ndan daha umutlu bir \u015fekilde Nuh Enerji Genel M\u00fcd\u00fcr\u00fc Say\u0131n Mehmet \u00c7etinkaya\u2019n\u0131n kap\u0131s\u0131n\u0131 \u00e7ald\u0131k. Bize uzun zaman ay\u0131rarak yapt\u0131klar\u0131m\u0131z\u0131, yapmak istediklerimizi dikkatli bir \u015fekilde dinlediler. Ard\u0131ndan hi\u00e7 beklemedi\u011fimiz bir anda gelen \u201ctamam \u00e7ocuklar, y\u00f6netim kurulumuzla da g\u00f6r\u00fc\u015ft\u00fckten sonra size elimizden gelen deste\u011fi verece\u011fiz\u201d cevab\u0131 bizleri olduk\u00e7a heyecanland\u0131rd\u0131.<\/p>\n<p>Sponsorluk g\u00f6r\u00fc\u015fmesine gitmeden \u00f6nce sahip oldu\u011fumuz ortak d\u00fc\u015f\u00fcncelerin etkisini g\u00f6r\u00fc\u015fme de canl\u0131 bir \u015fekilde ya\u015famak, NUH ENERJ\u0130 ile bizim aram\u0131zda farkl\u0131 bir ba\u011f\u0131n olu\u015fmas\u0131na sebep oldu.\u00a0 D\u00fc\u015f\u00fcncelerimiz ve hayallerimiz ekibimizle ile NUH Enerji\u2019nin, yani s\u00fcrekli geli\u015fen iki g\u00fcc\u00fcn kesi\u015fme noktas\u0131ndan ortak ak\u0131l ile g\u00fczel i\u015fler \u00e7\u0131kabilece\u011fiydi.<\/p>\n<p>Nuh Enerji; ilk olarak Nuh Grubunun enerji ihtiyac\u0131n\u0131 kar\u015f\u0131lamak \u00fczere kurulmu\u015f bir enerji firmas\u0131yd\u0131. \u015euan da ise yapt\u0131\u011f\u0131 yeni yat\u0131r\u0131mlarla T\u00fcrkiye\u2019nin enerji devi olma yolunda emin ad\u0131mlarla ilerliyor. Nuh Enerji Elektrik \u00dcretim \u00a0A.\u015e. ; hedeflerine g\u00f6re 2015 y\u0131l\u0131na kadar hidrolik, r\u00fczgar, termik ve g\u00fcne\u015f enerjisine dayal\u0131 500 MW \u00fcretim kapasitesine ula\u015facak.<\/p>\n<p style=\"text-align: center;\"><a href=\"http:\/\/www.saitem.org\/wp-content\/uploads\/2011\/04\/Nuh-Enerji.jpg\"><img decoding=\"async\" loading=\"lazy\" class=\"size-full wp-image-1412 aligncenter\" title=\"Nuh Enerji\" alt=\"\" src=\"http:\/\/www.saitem.org\/wp-content\/uploads\/2011\/04\/Nuh-Enerji.jpg\" width=\"200\" height=\"200\" srcset=\"https:\/\/www.saitem.org\/tr\/wp-content\/uploads\/2011\/04\/Nuh-Enerji.jpg 200w, https:\/\/www.saitem.org\/tr\/wp-content\/uploads\/2011\/04\/Nuh-Enerji-150x150.jpg 150w\" sizes=\"(max-width: 200px) 100vw, 200px\" \/><\/a><\/p>\n<p>Elektrik \u00fcretimi, projelendirme, i\u015fletme bak\u0131m, e\u011fitim, proje geli\u015ftirme gibi alanlarda faaliyet g\u00f6steren Nuh Enerji; alternatif enerjilerle ilgili \u00e7al\u0131\u015fmalar\u0131n\u0131 da b\u00fcy\u00fck bir h\u0131zla devam ettiriyor. Yapt\u0131\u011f\u0131 bu \u00e7al\u0131\u015fmalara \u2018\u2019insanl\u0131\u011f\u0131n gelece\u011fi\u2019\u2019 vizyonu ile bakan Nuh Enerji, alternatif enerjiler alan\u0131nda \u00e7al\u0131\u015fabilecek nitelikli ve yetenekli m\u00fchendislerin yeti\u015fmesi i\u00e7in, bir\u00e7ok alanda bizim gibi gen\u00e7lere olan deste\u011fini de s\u00fcrd\u00fcr\u00fcyor.\u00a0 Nuh Enerji, bu do\u011frultuda<strong> Avustralya\u2019ya, D\u00fcnya \u00fcniversiteleriyle yar\u0131\u015faca\u011f\u0131m\u0131z World Solar Challenge 2011\u2019a olan yolcu\u011fumuzda en b\u00fcy\u00fck destek\u00e7ilerimizden bir tanesi\u2026 <\/strong><strong> <\/strong><\/p>\n<p><strong> Kuruldu\u011fu andan itibaren bu \u00e7evreci bak\u0131\u015f a\u00e7\u0131s\u0131 ve firma profiliyle Nuh Enerji yeniliklere ve de\u011fi\u015fime a\u00e7\u0131k,\u00a0 bilime sayg\u0131l\u0131, teknoloji takip\u00e7isi, k\u00fcresel bak\u0131\u015f ve davran\u0131\u015fa sahip, tutkusu olan, ba\u015far\u0131ya tak\u0131m oyunuyla ula\u015f\u0131laca\u011f\u0131na inanan; ortaklar\u0131n\u0131, \u00e7al\u0131\u015fanlar\u0131n\u0131 ve m\u00fc\u015fterilerini bir b\u00fct\u00fcn olarak g\u00f6ren, t\u00fcm engellerin \u00e7\u00f6z\u00fcm yollar\u0131 oldu\u011funa inanan ve gelece\u011fe umutla bakan bir enerji devi olarak T\u00fcrkiye\u2019nin potansiyel enerjisini artt\u0131r\u0131yor\u2026<\/strong><\/p>\n<p>SA\u0130TEM Ekibi olarak Nuh Enerji firmas\u0131na bu g\u00fcne kadar g\u00f6stermi\u015f oldu\u011fu t\u00fcm \u00e7evreci ve gen\u00e7leri destekleyen duru\u015fundan dolay\u0131 te\u015fekk\u00fcr ediyoruz.<\/p>\n<p>&nbsp;<\/p>\n<p>&nbsp;<\/p>\n<p>&nbsp;<\/p>\n","protected":false},"excerpt":{"rendered":"<p>2009 Y\u0131l\u0131n\u0131n Kas\u0131m Ay\u0131nda uzun, yorucu ve bir o kadar da ba\u015far\u0131larla dolu bir proje olan Australia World Solar Challenge veya \u0130stanbul Metrolar\u0131n\u0131n ona verdi\u011fi isimle; \u2018T\u00fcrkiye\u2019nin G\u00fcne\u015f Arabas\u0131 SAGUAR\u2019 projesinin yar\u0131\u015f aya\u011f\u0131n\u0131 tamamlay\u0131p \u00fclkemize d\u00f6nm\u00fc\u015ft\u00fck.\u00a0 K\u0131sa bir dinlenme periyodunun ard\u0131ndan bir yandan SAGUAR\u2019\u0131n kurumsal ve tan\u0131t\u0131msal ba\u015far\u0131lar\u0131na yenilerini eklemeyi bir yandan da kazand\u0131\u011f\u0131m\u0131z y\u00fczlerce [&hellip;]<\/p>\n","protected":false},"author":1,"featured_media":2498,"comment_status":"open","ping_status":"open","sticky":false,"template":"","format":"standard","meta":[],"categories":[1,116],"tags":[],"_links":{"self":[{"href":"https:\/\/www.saitem.org\/tr\/wp-json\/wp\/v2\/posts\/1409"}],"collection":[{"href":"https:\/\/www.saitem.org\/tr\/wp-json\/wp\/v2\/posts"}],"about":[{"href":"https:\/\/www.saitem.org\/tr\/wp-json\/wp\/v2\/types\/post"}],"author":[{"embeddable":true,"href":"https:\/\/www.saitem.org\/tr\/wp-json\/wp\/v2\/users\/1"}],"replies":[{"embeddable":true,"href":"https:\/\/www.saitem.org\/tr\/wp-json\/wp\/v2\/comments?post=1409"}],"version-history":[{"count":7,"href":"https:\/\/www.saitem.org\/tr\/wp-json\/wp\/v2\/posts\/1409\/revisions"}],"predecessor-version":[{"id":1411,"href":"https:\/\/www.saitem.org\/tr\/wp-json\/wp\/v2\/posts\/1409\/revisions\/1411"}],"wp:featuredmedia":[{"embeddable":true,"href":"https:\/\/www.saitem.org\/tr\/wp-json\/wp\/v2\/media\/2498"}],"wp:attachment":[{"href":"https:\/\/www.saitem.org\/tr\/wp-json\/wp\/v2\/media?parent=1409"}],"wp:term":[{"taxonomy":"category","embeddable":true,"href":"https:\/\/www.saitem.org\/tr\/wp-json\/wp\/v2\/categories?post=1409"},{"taxonomy":"post_tag","embeddable":true,"href":"https:\/\/www.saitem.org\/tr\/wp-json\/wp\/v2\/tags?post=1409"}],"curies":[{"name":"wp","href":"https:\/\/api.w.org\/{rel}","templated":true}]}}